{"id":1212,"date":"2025-08-01T16:30:53","date_gmt":"2025-08-01T19:30:53","guid":{"rendered":"https:\/\/marcioniasa.eu\/blog\/?p=1212"},"modified":"2025-08-01T17:02:07","modified_gmt":"2025-08-01T20:02:07","slug":"por-que-meu-curriculo-e-eliminado-antes-da-entrevista","status":"publish","type":"post","link":"https:\/\/marcioniasa.eu\/blog\/por-que-meu-curriculo-e-eliminado-antes-da-entrevista\/","title":{"rendered":"Por que meu curr\u00edculo \u00e9 eliminado antes da entrevista?"},"content":{"rendered":"<p>Essa pergunta aparece direto por aqui.\u00a0Anuncio uma vaga de emprego e recebo dezenas de curr\u00edculos. A maioria, infelizmente, nem passa da primeira etapa. E n\u00e3o \u00e9 por falta de experi\u00eancia, na real eu nem abro, a avalia\u00e7\u00e3o vem no primeiro contato, a forma que a mensagem chega, seja no E-mail ou no WhatsApp, eu j\u00e1 deixo de lado. Despreparo b\u00e1sico, coisas simples mesmo.<\/p>\n<p>Ent\u00e3o se liga nesse papo reto aqui, que pode te ajudar a virar o jogo.<\/p>\n<h4>1. O curr\u00edculo tem uma miss\u00e3o clara<\/h4>\n<p>Muita gente acha que curr\u00edculo \u00e9 s\u00f3 listar onde trabalhou, onde estudou. N\u00e3o n\u00e9. Curr\u00edculo tem que te colocar no jogo.<\/p>\n<p>A miss\u00e3o dele \u00e9:<\/p>\n<ul>\n<li>Fazer voc\u00ea participar do processo<\/li>\n<li>Prender a aten\u00e7\u00e3o de quem l\u00ea<\/li>\n<li>Despertar o interesse pra te chamar pra entrevista<\/li>\n<\/ul>\n<p>Se o curr\u00edculo n\u00e3o faz isso, ele \u00e9 s\u00f3 um papel bonitinho que ningu\u00e9m vai ler at\u00e9 o fim.<\/p>\n<h4>2. Curr\u00edculo fraco, sem conte\u00fado e sem verdade<\/h4>\n<p>Tem gente que coloca \u201cproativo, pontual e trabalho bem em equipe\u201d s\u00f3 pra encher lingui\u00e7a. Mas n\u00e3o conta nada de concreto que j\u00e1 fez.<br \/>\nCurr\u00edculo precisa de conte\u00fado real.<br \/>\nN\u00e3o precisa mentir, nem florear. Precisa ser sincero e mostrar o que voc\u00ea sabe fazer. Trabalhou como gar\u00e7om, caixa, atendente, vendedor? Diz o que fazia. Atendia? Resolveu problema de cliente? Coloca.<\/p>\n<h4>3. A forma como voc\u00ea envia o curr\u00edculo importa (e muito)<\/h4>\n<p>A\u00ed vem o golpe final: o jeito de mandar o curr\u00edculo.\u00a0Voc\u00ea pode ter um curr\u00edculo perfeito, mas se escreve no WhatsApp ou no e-mail:<\/p>\n<p style=\"padding-left: 40px;\">\u201coi vaga ainda t\u00e1 aberta?\u201d<\/p>\n<p>Kralho, Sem nem um bom dia, sem se apresentar, sem respeito&#8230;<br \/>\nDesculpa, mas j\u00e1 era.<\/p>\n<p>Se voc\u00ea n\u00e3o sabe se comunicar por texto, como vou confiar em voc\u00ea pra atender meu cliente?<\/p>\n<p>Seja cordial, escreva com educa\u00e7\u00e3o.\u00a0Parece b\u00e1sico, mas ainda \u00e9 ignorado por muita gente.\u00a0Sempre que for mandar um curr\u00edculo:<\/p>\n<ul>\n<li>Diga bom dia \/ boa tarde<\/li>\n<li>Se apresente com nome e \u00e1rea de interesse<\/li>\n<li>Diga de onde viu a vaga<\/li>\n<li>Anexe o curr\u00edculo e, se poss\u00edvel, deixe o corpo do e-mail bem escrito<\/li>\n<\/ul>\n<p><strong>Exemplo:<\/strong><\/p>\n<p>Boa tarde! Me chamo Jo\u00e3o Turvino, vi a vaga de vendedor no &#8220;Grupo Niasa&#8221; e gostaria de me candidatar. Segue meu curr\u00edculo em anexo. Agrade\u00e7o a oportunidade.<\/p>\n<p>Simples, direto e educado.<\/p>\n<h4>4. Os elementos que um bom curr\u00edculo precisa ter<\/h4>\n<p>Pra te ajudar ainda mais, aqui vai um checklist b\u00e1sico:<\/p>\n<ul>\n<li>Informa\u00e7\u00f5es pessoais: nome, idade, cidade<\/li>\n<li>Contato atualizado: telefone e e-mail<\/li>\n<li>\u00c1rea pretendida<\/li>\n<li>Redes sociais profissionais (LinkedIn, Instagram)<\/li>\n<li>Forma\u00e7\u00e3o<\/li>\n<li>Experi\u00eancia profissional (ou est\u00e1gios, projetos, bicos que valem mencionar)<\/li>\n<li>Cursos extras, voluntariado, idiomas (se tiver)<\/li>\n<li>Revis\u00e3o de gram\u00e1tica e ortografia<\/li>\n<li>Formata\u00e7\u00e3o clara e limpa (nada de fontes coloridas ou enfeites demais)<\/li>\n<li>Foto<\/li>\n<\/ul>\n<h4>5. Mas, foto no curr\u00edculo: pode?<\/h4>\n<p>Muita gente fica na d\u00favida se coloca ou n\u00e3o foto no curr\u00edculo. N\u00e3o \u00e9 uma regra e nem lei, uns dizem que com foto, o recrutador pode discriminar ou focar na beleza e n\u00e3o nas habilidades e experi\u00eancias do candidato. Mas eu em particular gosto de receber curr\u00edculos com foto, me ajuda a conectar com a descri\u00e7\u00e3o do material enviado. Eu diria que, mas na maioria dos casos, sim, vale a pena colocar.<\/p>\n<p>S\u00f3 que n\u00e3o \u00e9 qualquer foto. E aqui vai o papo reto:<\/p>\n<ul>\n<li>Use uma foto atual, que realmente te represente<\/li>\n<li>De prefer\u00eancia com boa ilumina\u00e7\u00e3o, fundo neutro<\/li>\n<li>Evite fotos com filtro exagerado, maquiagem pesada ou efeitos de rede social<\/li>\n<\/ul>\n<p>Tem colaborador que ainda n\u00e3o vi pessoalmente, quando nos encontramos tenho que perguntar: \u201cDesculpa, mas quem \u00e9 voc\u00ea mesmo?\u201d Isso \u00e9 constrangedor pra mim e pra pessoa.<\/p>\n<p>Ent\u00e3o, se for colocar foto no curr\u00edculo, que seja uma que mostre quem voc\u00ea \u00e9 de verdade.\u00a0Voc\u00ea n\u00e3o precisa parecer modelo. S\u00f3 precisa parecer voc\u00ea.<\/p>\n<h4>6. Detalhes que fazem toda diferen\u00e7a<\/h4>\n<p>Erro de Portugu\u00eas! Putz, parece piada eu falando disso, &#8220;falou o mestre em erros de portugu\u00eas&#8221;. Mas n\u00e3o precisa ser professor de portugu\u00eas, use um corretor. Inclusive, hora que eu acabar esse artigo, claro vou passar pelo corretor rsrs. \u00c9 feio um texto mal escrito. Mas vamos l\u00e1.<\/p>\n<ul>\n<li>Curr\u00edculo sem erro de portugu\u00eas.<\/li>\n<li>Arquivo com nome claro (ex: Curriculo_Joao_Turvino.pdf)<\/li>\n<li>N\u00e3o inventa fun\u00e7\u00e3o que voc\u00ea nunca fez<\/li>\n<li>Seja objetivo, mas n\u00e3o seco<\/li>\n<\/ul>\n<p>Ah, e nunca, nunca mesmo, mande curr\u00edculo em Word edit\u00e1vel. Sempre salve em PDF.<\/p>\n<h4>7. E outra coisa: n\u00e3o \u00e9 porque seu curr\u00edculo passou que voc\u00ea t\u00e1 dentro<\/h4>\n<p>N\u00e3o confunda as coisas.\u00a0Seu curr\u00edculo chamou aten\u00e7\u00e3o? Beleza. Voc\u00ea foi chamado pra entrevista? Massa. Foi contratado? Parab\u00e9ns.<br \/>\nMas ainda n\u00e3o \u00e9 o fim do processo.<br \/>\nA real \u00e9 que o jogo come\u00e7a mesmo no per\u00edodo de experi\u00eancia. E se voc\u00ea mentiu no curr\u00edculo, se disse que sabia fazer algo que n\u00e3o sabe, isso vai aparecer em menos de uma semana.\u00a0E a\u00ed, irm\u00e3o&#8230; \u00e9 tchau.\u00a0Por isso:<\/p>\n<ul>\n<li>N\u00e3o minta.<\/li>\n<li>Seja voc\u00ea.<\/li>\n<li>Mostre vontade.<\/li>\n<li>E se for contratado, vista a camisa da empresa.<\/li>\n<\/ul>\n<p>A firma n\u00e3o quer s\u00f3 um nome num crach\u00e1. Quer algu\u00e9m que entenda a import\u00e2ncia do trampo, que chegue no hor\u00e1rio, que respeite o ambiente, que se comunique bem com a equipe e com os clientes.<\/p>\n<h4>Pra fechar<\/h4>\n<p>Curr\u00edculo \u00e9 s\u00f3 o come\u00e7o. Atitude \u00e9 o que mant\u00e9m voc\u00ea l\u00e1 dentro. E muita gente boa perde oportunidade por falta de no\u00e7\u00e3o, n\u00e3o por falta de talento.<br \/>\nO mundo do trabalho exige mais do que um curr\u00edculo bonito. Exige postura, clareza e respeito desde o primeiro contato.<br \/>\nVoc\u00ea pode n\u00e3o ter faculdade, pode n\u00e3o ter experi\u00eancia, mas se tiver vontade, educa\u00e7\u00e3o e preparo, voc\u00ea se destaca.<br \/>\nE se ningu\u00e9m te falou isso antes, agora t\u00e1 falado.<\/p>\n","protected":false},"excerpt":{"rendered":"<p>Essa pergunta aparece direto por aqui.\u00a0Anuncio uma vaga de emprego e recebo dezenas de curr\u00edculos. A maioria, infelizmente, nem passa da primeira etapa. E n\u00e3o \u00e9 por falta de experi\u00eancia, na real eu nem abro, a avalia\u00e7\u00e3o vem no primeiro contato, a forma que a mensagem chega, seja no E-mail ou no WhatsApp, eu j\u00e1 &hellip;<\/p>\n<p class=\"read-more\"> <a class=\"\" href=\"https:\/\/marcioniasa.eu\/blog\/por-que-meu-curriculo-e-eliminado-antes-da-entrevista\/\"> <span class=\"screen-reader-text\">Por que meu curr\u00edculo \u00e9 eliminado antes da entrevista?<\/span> Leia mais &raquo;<\/a><\/p>\n","protected":false},"author":1,"featured_media":1213,"comment_status":"open","ping_status":"open","sticky":false,"template":"","format":"standard","meta":{"_mi_skip_tracking":false,"site-sidebar-layout":"default","site-content-layout":"default","ast-global-header-display":"","ast-main-header-display":"","ast-hfb-above-header-display":"","ast-hfb-below-header-display":"","ast-hfb-mobile-header-display":"","site-post-title":"","ast-breadcrumbs-content":"","ast-featured-img":"","footer-sml-layout":"","theme-transparent-header-meta":"default","adv-header-id-meta":"","stick-header-meta":"","header-above-stick-meta":"","header-main-stick-meta":"","header-below-stick-meta":"","footnotes":""},"categories":[3,134,135],"tags":[141,136,140,142,138,31,139,137],"class_list":["post-1212","post","type-post","status-publish","format-standard","has-post-thumbnail","hentry","category-empreendedor","category-emprego","category-vagas-de-emprego","tag-blogdoniassa","tag-curriculo","tag-dicasprofissionais","tag-empreendedor-marcio-niasa","tag-emprego","tag-marcio-niasa","tag-primeiroemprego","tag-trabalho"],"_links":{"self":[{"href":"https:\/\/marcioniasa.eu\/blog\/wp-json\/wp\/v2\/posts\/1212","targetHints":{"allow":["GET"]}}],"collection":[{"href":"https:\/\/marcioniasa.eu\/blog\/wp-json\/wp\/v2\/posts"}],"about":[{"href":"https:\/\/marcioniasa.eu\/blog\/wp-json\/wp\/v2\/types\/post"}],"author":[{"embeddable":true,"href":"https:\/\/marcioniasa.eu\/blog\/wp-json\/wp\/v2\/users\/1"}],"replies":[{"embeddable":true,"href":"https:\/\/marcioniasa.eu\/blog\/wp-json\/wp\/v2\/comments?post=1212"}],"version-history":[{"count":3,"href":"https:\/\/marcioniasa.eu\/blog\/wp-json\/wp\/v2\/posts\/1212\/revisions"}],"predecessor-version":[{"id":1215,"href":"https:\/\/marcioniasa.eu\/blog\/wp-json\/wp\/v2\/posts\/1212\/revisions\/1215"}],"wp:featuredmedia":[{"embeddable":true,"href":"https:\/\/marcioniasa.eu\/blog\/wp-json\/wp\/v2\/media\/1213"}],"wp:attachment":[{"href":"https:\/\/marcioniasa.eu\/blog\/wp-json\/wp\/v2\/media?parent=1212"}],"wp:term":[{"taxonomy":"category","embeddable":true,"href":"https:\/\/marcioniasa.eu\/blog\/wp-json\/wp\/v2\/categories?post=1212"},{"taxonomy":"post_tag","embeddable":true,"href":"https:\/\/marcioniasa.eu\/blog\/wp-json\/wp\/v2\/tags?post=1212"}],"curies":[{"name":"wp","href":"https:\/\/api.w.org\/{rel}","templated":true}]}}