{"id":1188,"date":"2025-06-29T09:10:06","date_gmt":"2025-06-29T12:10:06","guid":{"rendered":"https:\/\/marcioniasa.eu\/blog\/?p=1188"},"modified":"2025-07-02T12:40:35","modified_gmt":"2025-07-02T15:40:35","slug":"depressao-pos-nada-quando-a-dor-nao-tem-nome","status":"publish","type":"post","link":"https:\/\/marcioniasa.eu\/blog\/depressao-pos-nada-quando-a-dor-nao-tem-nome\/","title":{"rendered":"Depress\u00e3o P\u00f3s Nada: Quando a dor n\u00e3o tem nome, mas te consome"},"content":{"rendered":"<p><em>\u201cQuem v\u00ea meu sorriso n\u00e3o sabe da dor que carrego. Quem v\u00ea minha luta n\u00e3o imagina a guerra que rola aqui dentro.\u201d<\/em><\/p>\n<p>Mano, eu n\u00e3o sei voc\u00ea, mas quando a mente trava e o peito pesa, eu me afundo em filmes e s\u00e9ries. Tenho lido pouco, mas tamb\u00e9m \u00e9 minha fuga\u2026 me ajudam a esquecer por algumas horas que a cabe\u00e7a t\u00e1 a mil, que o globo t\u00e1 um caos.<\/p>\n<p>Madrugada adentro, perco o sono e tenho de levantar, ficar na cama remoendo os pensamentos me causa medo, \u00e9 caf\u00e9 atr\u00e1s de caf\u00e9&#8230; um, dois, tr\u00eas. \u00e0s vezes energ\u00e9tico e uns raps que me identifico.<\/p>\n<p>Mas tem dia que nem isso resolve. Eu acordo. Se \u00e9 que durmo, e penso: \u201cCaralho, o que t\u00e1 acontecendo comigo?\u201d A vida t\u00e1 ali, girando, e eu aqui parado no meio do vendaval tentando entender onde foi que me perdi. Tudo parece sem sentido. E o pior: ningu\u00e9m percebe. Ningu\u00e9m entende. Ningu\u00e9m quer entender.<\/p>\n<p>Depress\u00e3o. Uma palavra que parece t\u00e3o banalizada nos dias de hoje. Usada em memes, em piadas, em exageros do dia a dia. Mas quando ela \u00e9 real, crua e silenciosa, n\u00e3o tem nada de engra\u00e7ado. Ela consome. Corr\u00f3i. Paralisa.<\/p>\n<p>Hoje, escrevo esse texto como um ser humano que j\u00e1 caiu, que ainda levanta todos os dias com esfor\u00e7o. Como algu\u00e9m que demorou a entender o que a depress\u00e3o realmente \u00e9. Como algu\u00e9m que j\u00e1 julgou&#8230; at\u00e9 sentir na pele.<\/p>\n<h4><strong>Aquele julgamento que eu mesmo j\u00e1 fiz<\/strong><\/h4>\n<p>Eu vou ser real com voc\u00ea: eu j\u00e1 fui um desses que julga. Quando algu\u00e9m dizia \u201ct\u00f4 com depress\u00e3o\u201d, eu achava que era frescura, falta do que fazer. Pensava: \u201cPorra, vai arrumar um trampo, fazer alguma coisa da vida!\u201d Julguei pra caramba. Falei besteira. Fui ignorante.<\/p>\n<p>Achei que esse papo de &#8220;sa\u00fade mental&#8221; era inven\u00e7\u00e3o moderna. At\u00e9 que a vida esfregou a realidade na minha cara. Pessoas pr\u00f3ximas. Gente que eu gostava. Tentaram e algumas at\u00e9 conseguiram tirar a pr\u00f3pria vida. E a\u00ed, mano&#8230; o ch\u00e3o sumiu. Foi um tapa. Eu fiquei em choque. Como assim? Eles estavam sorrindo, colando comigo, trampando, sonhando. E ao mesmo tempo chorava no quarto, estavam desmoronando por dentro?<\/p>\n<p>Ali caiu minha ficha. E doeu pra kralho.<\/p>\n<p>A dor deles me abriu os olhos. A minha pr\u00f3pria dor me silenciou. E ali come\u00e7ou um processo lento, profundo, violento por dentro. Eu deixei de julgar. Comecei a sentir.<\/p>\n<h4><strong>Quando a depress\u00e3o chega sem motivo<\/strong><\/h4>\n<p>A depress\u00e3o n\u00e3o tem uma causa \u00fanica. \u00c0s vezes vem depois de uma trag\u00e9dia. \u00c0s vezes, do nada. Acorda com ela, dorme com ela, e ningu\u00e9m percebe. A vida continua em volta, o trabalho exige, a fam\u00edlia cobra, os amigos somem. E voc\u00ea, por dentro, vai murchando.<\/p>\n<p>Na minha m\u00fasica \u201cDepress\u00e3o P\u00f3s Nada\u201d, eu descrevo exatamente esse sentimento. Ah, a m\u00fasica, em breve eu lan\u00e7o. Continuando! N\u00e3o foi por algo espec\u00edfico. Foi uma quebra silenciosa. Um colapso interno que chegou sem bater na porta.<\/p>\n<p>Tudo perde a cor. A comida n\u00e3o tem gosto. As conquistas n\u00e3o fazem sentido. O riso \u00e9 mec\u00e2nico. Voc\u00ea vai apagando sem que ningu\u00e9m note.<\/p>\n<p>A real \u00e9 que tem dia que voc\u00ea acorda j\u00e1 quebrado. E n\u00e3o tem motivo. N\u00e3o \u00e9 que aconteceu uma desgra\u00e7a. \u00c9 tipo \u201cdepress\u00e3o p\u00f3s nada\u201d mesmo, t\u00e1 ligado? Voc\u00ea s\u00f3 sente o peso. Um bagulho invis\u00edvel te esmagando.<\/p>\n<h4><strong>A solid\u00e3o de estar cercado de gente<\/strong><\/h4>\n<p>A pior solid\u00e3o \u00e9 aquela que voc\u00ea sente no meio da multid\u00e3o. Tem gente que me v\u00ea no corre, no trampo, sorrindo, falando, escrevendo, e acha que t\u00e1 tudo suave. Amigos, familiares, colegas de trabalho, todos continuam suas rotinas. Voc\u00ea sorri, faz piada, finge que est\u00e1 tudo bem. Porque o mundo espera isso de voc\u00ea. Porque ningu\u00e9m est\u00e1 preparado para lidar com o colapso do outro. Quando voc\u00ea ensaia desabafar, as respostas s\u00e3o sempre as mesmas:<\/p>\n<p>\u2014 \u201cLevanta a cabe\u00e7a, isso passa.\u201d<br \/>\n\u2014 \u201cOra mais.\u201d<br \/>\n\u2014 \u201cVoc\u00ea tem tudo, n\u00e3o pode reclamar.\u201d<br \/>\n\u2014 \u201c\u00c9 s\u00f3 uma fase ruim.\u201d<\/p>\n<p>Porra&#8230; se fosse t\u00e3o f\u00e1cil, j\u00e1 tinha feito. A galera n\u00e3o entende que n\u00e3o \u00e9 tristeza, \u00e9 doen\u00e7a. \u00c9 qu\u00edmica. \u00c9 viv\u00eancia acumulada. \u00c9 trauma que a gente varreu pra debaixo do tapete por anos. Sei l\u00e1! \u00c9 a mente gritando socorro e o corpo travado.<\/p>\n<p>E ent\u00e3o voc\u00ea desiste de tentar explicar. Se cala. Guarda. Tranca. Engole o choro. E se afoga. N\u00e3o \u00e9 frescura, n\u00e3o \u00e9 falta de Deus, nem fraqueza. \u00c9 um colapso qu\u00edmico, emocional e existencial. \u00c9 uma guerra silenciosa que se trava todos os dias dentro da mente.<\/p>\n<h4><strong>Sorriso n\u00e3o diz porra nenhuma. E cansa<\/strong><\/h4>\n<p>Pra ser claro, \u00e9 falando, escrevendo que disfar\u00e7o a dor, minto pra mim mesmo, tentando me sabotar das profundezas. Mas ningu\u00e9m v\u00ea, poucos sabem das madrugadas que passo virado. Ningu\u00e9m v\u00ea o cansa\u00e7o mental. As crises de ansiedade. A ang\u00fastia. A ins\u00f4nia.<\/p>\n<p>E mesmo rodeado de gente, ainda me sinto s\u00f3 pra kralho. \u00c9 foda admitir isso. Mas \u00e9 real. Porque, infelizmente, a maioria prefere se afastar de quem t\u00e1 mal. E se voc\u00ea n\u00e3o corresponde \u00e0 expectativa de estar sempre &#8220;pra cima&#8221;, te deixam de lado. Tipo: &#8220;Esse a\u00ed t\u00e1 estranho&#8221;.<\/p>\n<p>Mas tudo bem, na maioria das vezes, eu realmente quero estar s\u00f3, talvez pela preocupa\u00e7\u00e3o de deixar os outros ruim, o medo de por pouca coisa direcionar uma palavra ruim, ou ser agressivo.<\/p>\n<h4><strong>As noites intermin\u00e1veis e o di\u00e1logo com a escurid\u00e3o<\/strong><\/h4>\n<p>A noite sempre foi um lugar de paz para mim. Nas madrugadas eu tinha minhas ideias malucas, que viraram neg\u00f3cios, trabalhos, ganha p\u00e3o. Mas, na depress\u00e3o, ela se transforma em territ\u00f3rio hostil. O travesseiro vira confession\u00e1rio de l\u00e1grimas que ningu\u00e9m v\u00ea. O teto, uma tela de pensamentos repetitivos. A ins\u00f4nia \u00e9 companhia constante. E quando o sono chega, \u00e9 leve, fr\u00e1gil, interrompido por pesadelos ou ang\u00fastias inexplic\u00e1veis.<\/p>\n<p>\u00c9 nesse momento que a cabe\u00e7a come\u00e7a a pregar pe\u00e7as perigosas. Surgem perguntas sem resposta:<\/p>\n<p>\u2014 \u201cPor que estou aqui?\u201d;<br \/>\n\u2014 \u201cVale a pena continuar?\u201d;<br \/>\n\u2014 \u201cSer\u00e1 que algu\u00e9m notaria se eu sumisse?\u201d.<\/p>\n<p>E o mais assustador: surgem respostas. Ruins. Frias. Definitivas. No fundo, o que a gente quer \u00e9 al\u00edvio. Um intervalo da dor. Mas o mundo n\u00e3o oferece isso. O tempo passa, as cobran\u00e7as continuam, e o peito aperta mais ainda.<\/p>\n<p>A depress\u00e3o rouba o sono. A mente vira um campo de batalha madrugada adentro. Voc\u00ea se deita querendo descanso e encontra tormento. Lembra de tudo. Repassa cada fracasso. Imagina o pior. E o pior, \u00e0s vezes, come\u00e7a a parecer uma sa\u00edda.<\/p>\n<p>Muita gente s\u00f3 n\u00e3o tira a pr\u00f3pria vida porque ainda tem algu\u00e9m por quem viver. Um filho. Um amor. Um sonho. Mas tem dias que nem isso segura. E a gente se sente ingrato por pensar assim. Covarde. Mas n\u00e3o \u00e9 covardia \u2014 \u00e9 desespero.<\/p>\n<p>Tem per\u00edodo que preciso me dopar. Tomar rem\u00e9dio pra apagar. Ter que parar, resetar, dormir pra n\u00e3o enlouquecer. E n\u00e3o me envergonho disso, n\u00e3o mais. \u00c0s vezes \u00e9 o \u00fanico jeito de aguentar. De n\u00e3o pirar. De n\u00e3o fazer uma besteira.<\/p>\n<h4><strong>O rap me segura. Caf\u00e9 me acompanha. Gente de verdade me salva.<\/strong><\/h4>\n<p>Nas madrugadas, <a href=\"https:\/\/marcioniasa.eu\/blog\/sinto-que-tenho-que-retribuir-rap-no-movimento\/\" target=\"_blank\" rel=\"noopener\">o rap me d\u00e1 uns tapas de realidade<\/a>. Escuto, leio, letras que parecem escritas com meu sangue. Letras que falam de dor, de supera\u00e7\u00e3o, de quebrada, de trauma. Isso me mant\u00e9m vivo. Junto com o caf\u00e9, meu parceiro das 3, 4, 5 da manh\u00e3.<\/p>\n<p>Mas tem um ponto que eu preciso refor\u00e7ar aqui: n\u00e3o d\u00e1 pra generalizar. Tem gente que se afastou, sim. Mas tem poucas pessoas que foram cruciais. Gente que colou do meu lado sem fazer alarde, sem cobrar positividade t\u00f3xica. Gente que s\u00f3 escutou. Que respeitou meu tempo. E a essas pessoas, eu sou eternamente grato.<\/p>\n<p>Elas n\u00e3o apagaram a dor, mas foram abrigo quando a tempestade apertou.<\/p>\n<h4><strong>Por que ningu\u00e9m entende?<\/strong><\/h4>\n<p>Muita gente ainda v\u00ea a depress\u00e3o como drama. Como falta de f\u00e9, de gratid\u00e3o, de for\u00e7a. Mas n\u00e3o \u00e9. \u00c9 uma doen\u00e7a. Real. Mortal. Silenciosa. E que pode atingir qualquer pessoa: rica, pobre, religiosa, ateia, pol\u00edcia, ladr\u00e3o, famosa, an\u00f4nima. Ningu\u00e9m est\u00e1 imune. E \u00e9 justamente por ser invis\u00edvel que ela se torna t\u00e3o cruel. Porque o mundo n\u00e3o para pra entender.<\/p>\n<p>Vivemos em uma sociedade que exige produtividade, desempenho, presen\u00e7a, sorriso. Se voc\u00ea falha, decepciona. Se se ausenta, incomoda. Ent\u00e3o voc\u00ea veste a m\u00e1scara. E segue. At\u00e9 que a m\u00e1scara gruda no rosto e voc\u00ea j\u00e1 n\u00e3o lembra mais quem \u00e9 sem ela.<\/p>\n<h4><strong>A dor que n\u00e3o se v\u00ea machuca muito mais<\/strong><\/h4>\n<p>Se eu tivesse quebrado um bra\u00e7o, todo mundo ia notar. Mas quando a mente quebra, ningu\u00e9m v\u00ea. E a\u00ed vem o julgamento. O afastamento. O sil\u00eancio. Voc\u00ea come\u00e7a a se sentir um peso. Um estorvo. Um problema.<\/p>\n<p>E mano&#8230; esse pensamento \u00e9 perigoso pra kralho.<\/p>\n<p>Eu sei porque eu j\u00e1 pensei nisso. J\u00e1 fui pra beira do abismo. J\u00e1 cogitei que talvez minha aus\u00eancia fosse melhor que minha presen\u00e7a. E isso n\u00e3o \u00e9 drama. Isso \u00e9 desespero.<\/p>\n<h4><strong>N\u00e3o \u00e9 todo dia que eu tenho for\u00e7a<\/strong><\/h4>\n<p>Tem dia que eu acordo na for\u00e7a do \u00f3dio. Tem dia que acordo s\u00f3 por acordar. Me sinto s\u00f3 o p\u00f3. Sem a\u00e7\u00e3o, sem plano, s\u00f3 pra cumprir tabela. E nesses dias, escrever me salva. A m\u00fasica me segura. A arte me d\u00e1 um prop\u00f3sito.<\/p>\n<p>A depress\u00e3o n\u00e3o se cura com frase pronta, nem com \u201cpensamento positivo\u201d. Ela exige coragem pra pedir ajuda. Pra aceitar tratamento. Pra continuar, mesmo sem ver sentido.<\/p>\n<p>Eu ainda luto. Ainda tenho dias dif\u00edceis. Ainda tenho pensamentos que me assustam. Ao escrever esse texto por exemplo, estava me sentindo abatido. Mas agora eu entendo. E isso faz toda diferen\u00e7a.<\/p>\n<p>Terapia, medica\u00e7\u00e3o, f\u00e9, arte, tudo isso me ajuda. Cada um encontra seu pr\u00f3prio caminho. Mas o primeiro passo \u00e9 sempre o mesmo: reconhecer a dor e parar de fingir que ela n\u00e3o existe.<\/p>\n<p>Eu n\u00e3o t\u00f4 aqui pra bancar coach nem her\u00f3i. T\u00f4 aqui como um igual. Como algu\u00e9m que ainda cai. Que ainda tem reca\u00edda. Que ainda trava. Mas que t\u00e1 tentando.<\/p>\n<p>Voc\u00ea sente algo semelhante? Respira. De verdade. Respira fundo. Voc\u00ea n\u00e3o t\u00e1 sozinho nessa porra. Tem gente que te ama, mesmo que voc\u00ea ache que n\u00e3o.<\/p>\n<h4><strong>A \u00e9 guerra silenciosa, mas a gente luta junto<\/strong><\/h4>\n<p>A <a href=\"https:\/\/www.gov.br\/saude\/pt-br\/assuntos\/saude-de-a-a-z\/d\/depressao\" target=\"_blank\" rel=\"noopener\">depress\u00e3o \u00e9 uma guerra<\/a>. Invis\u00edvel. Cruel. Mas n\u00e3o invenc\u00edvel. N\u00e3o se vence sozinho. E t\u00e1 tudo bem precisar de ajuda. T\u00e1 tudo bem cair. T\u00e1 tudo bem chorar.<br \/>\nS\u00f3 n\u00e3o deixa de levantar. Mesmo que seja devagar. Mesmo que seja com caf\u00e9 e rap como combust\u00edvel.<\/p>\n<p>Esse texto!<br \/>\n\u00c9 pra voc\u00ea que sorri pros outros, mas chora no banheiro.<br \/>\n\u00c9 pra voc\u00ea que n\u00e3o sabe explicar o que sente.<br \/>\n\u00c9 pra voc\u00ea que ainda t\u00e1 aqui, mesmo sem saber como conseguiu.<\/p>\n<p>Voc\u00ea \u00e9 foda, mesmo que n\u00e3o acredite nisso agora.<br \/>\nE se tudo parecer perdido, lembra: ainda tem caminho. Sempre tem.<\/p>\n<p>&nbsp;<\/p>\n","protected":false},"excerpt":{"rendered":"<p>\u201cQuem v\u00ea meu sorriso n\u00e3o sabe da dor que carrego. Quem v\u00ea minha luta n\u00e3o imagina a guerra que rola aqui dentro.\u201d Mano, eu n\u00e3o sei voc\u00ea, mas quando a mente trava e o peito pesa, eu me afundo em filmes e s\u00e9ries. Tenho lido pouco, mas tamb\u00e9m \u00e9 minha fuga\u2026 me ajudam a esquecer &hellip;<\/p>\n<p class=\"read-more\"> <a class=\"\" href=\"https:\/\/marcioniasa.eu\/blog\/depressao-pos-nada-quando-a-dor-nao-tem-nome\/\"> <span class=\"screen-reader-text\">Depress\u00e3o P\u00f3s Nada: Quando a dor n\u00e3o tem nome, mas te consome<\/span> Leia mais &raquo;<\/a><\/p>\n","protected":false},"author":1,"featured_media":1197,"comment_status":"open","ping_status":"open","sticky":false,"template":"","format":"standard","meta":{"_mi_skip_tracking":false,"site-sidebar-layout":"default","site-content-layout":"default","ast-global-header-display":"","ast-main-header-display":"","ast-hfb-above-header-display":"","ast-hfb-below-header-display":"","ast-hfb-mobile-header-display":"","site-post-title":"","ast-breadcrumbs-content":"","ast-featured-img":"","footer-sml-layout":"","theme-transparent-header-meta":"default","adv-header-id-meta":"","stick-header-meta":"","header-above-stick-meta":"","header-main-stick-meta":"","header-below-stick-meta":"","footnotes":""},"categories":[7],"tags":[111,116,110,117,31,115,112,114,113],"class_list":["post-1188","post","type-post","status-publish","format-standard","has-post-thumbnail","hentry","category-opiniao-de-marcio-niasa","tag-ansiedade","tag-arte","tag-depressao","tag-depressao-pos-nada","tag-marcio-niasa","tag-musica","tag-pisicologo","tag-rap","tag-tratamento"],"_links":{"self":[{"href":"https:\/\/marcioniasa.eu\/blog\/wp-json\/wp\/v2\/posts\/1188","targetHints":{"allow":["GET"]}}],"collection":[{"href":"https:\/\/marcioniasa.eu\/blog\/wp-json\/wp\/v2\/posts"}],"about":[{"href":"https:\/\/marcioniasa.eu\/blog\/wp-json\/wp\/v2\/types\/post"}],"author":[{"embeddable":true,"href":"https:\/\/marcioniasa.eu\/blog\/wp-json\/wp\/v2\/users\/1"}],"replies":[{"embeddable":true,"href":"https:\/\/marcioniasa.eu\/blog\/wp-json\/wp\/v2\/comments?post=1188"}],"version-history":[{"count":11,"href":"https:\/\/marcioniasa.eu\/blog\/wp-json\/wp\/v2\/posts\/1188\/revisions"}],"predecessor-version":[{"id":1204,"href":"https:\/\/marcioniasa.eu\/blog\/wp-json\/wp\/v2\/posts\/1188\/revisions\/1204"}],"wp:featuredmedia":[{"embeddable":true,"href":"https:\/\/marcioniasa.eu\/blog\/wp-json\/wp\/v2\/media\/1197"}],"wp:attachment":[{"href":"https:\/\/marcioniasa.eu\/blog\/wp-json\/wp\/v2\/media?parent=1188"}],"wp:term":[{"taxonomy":"category","embeddable":true,"href":"https:\/\/marcioniasa.eu\/blog\/wp-json\/wp\/v2\/categories?post=1188"},{"taxonomy":"post_tag","embeddable":true,"href":"https:\/\/marcioniasa.eu\/blog\/wp-json\/wp\/v2\/tags?post=1188"}],"curies":[{"name":"wp","href":"https:\/\/api.w.org\/{rel}","templated":true}]}}