{"id":1089,"date":"2022-11-01T17:33:46","date_gmt":"2022-11-01T20:33:46","guid":{"rendered":"https:\/\/marcioniasa.eu\/blog\/?p=1089"},"modified":"2023-03-14T11:08:37","modified_gmt":"2023-03-14T14:08:37","slug":"salao-de-beleza-aueri-inaugura-grande-estrutura-e-se-torna-referencia-em-ribeirao-preto","status":"publish","type":"post","link":"https:\/\/marcioniasa.eu\/blog\/salao-de-beleza-aueri-inaugura-grande-estrutura-e-se-torna-referencia-em-ribeirao-preto\/","title":{"rendered":"Au\u00e9ri inaugura grande estrutura em Ribeir\u00e3o Preto"},"content":{"rendered":"<p>Sal\u00e3o de beleza inaugura grande estrutura e se torna refer\u00eancia em Ribeir\u00e3o Preto interior do estado.<\/p>\n<p>A ideia surgiu no inicio desse ano, em um dia normal como qualquer outro em um caf\u00e9, Thatyana Goldman e Katiane Matos conversavam sobre futuro e fam\u00edlia e sonharam alto sobre um sal\u00e3o de beleza completo, onde teriam toda a tranquilidade para realizar os cuidados com a beleza, mas que tivesse um local para as crian\u00e7as ficarem confort\u00e1veis, e at\u00e9 mesmo um cantinho para o animal de estima\u00e7\u00e3o.<\/p>\n<p>Como din\u00e2micas e ansiosas que s\u00e3o, n\u00e3o deixaram para outro dia, me contaram a ideia, eu por passar por uma experi\u00eancia com espa\u00e7o de beleza a um tempo atr\u00e1s e hoje com a <a href=\"https:\/\/barbeariarefugio.com.br\/\" target=\"_blank\" rel=\"noopener\">Barbearia Ref\u00fagio<\/a> de bate pronto aceitei entrar no neg\u00f3cio.<\/p>\n<p>No outro dia j\u00e1 estavam rodando a cidade para encontrar o local e o empreendimento ideal para botar em pr\u00e1tica as ideias iniciais e outras que surgiram na troca entre n\u00f3s tr\u00eas, amigos e agora s\u00f3cios.<\/p>\n<p>Quando voc\u00ea tem um desenho na cabe\u00e7a, e j\u00e1 enxerga aquilo tudo, inclusive funcionando, fica dif\u00edcil um im\u00f3vel ou local te agradar, voc\u00ea visita 30 locais, cada um tem suas particularidades mas n\u00e3o bate, n\u00e3o supera a estrutura que voc\u00ea tem na mente, e isso torna o projeto bem desafiador.<\/p>\n<p><em>A tarefa foi dif\u00edcil, mas empolgante, as reuni\u00f5es eram de puro sorrisos, motivos para abrir um vinho (risos), est\u00e1vamos muito bem alinhados e um respeitando a ideia do outro, juntamos for\u00e7as mesmo, e a experi\u00eancia que cada um possui em diferentes \u00e1reas fez com que o neg\u00f3cio crescesse ainda mais, conclui Thatyana.<\/em><\/p>\n<p>Iniciar um neg\u00f3cio eu sinto a vibra\u00e7\u00e3o, a vontade de cada s\u00f3cio ou envolvido, \u00e9 uma sensa\u00e7\u00e3o muito boa, orgulho, sei l\u00e1, \u00e9 bom.<\/p>\n<p><em>Na vis\u00e3o da Katiane ver tudo isso tomando forma, lembrar das dificuldades, mas vencer cada etapa \u00e9 muito gratificante. Esse sonho \u00e9 de Thatyana, Niasa e eu, mas tem o dedo de muito outros profissionais, pois al\u00e9m de toda estrutura constru\u00edda como planejado, j\u00e1 fomos capacitando nossa equipe de profissionais, antes mesmo da inaugura\u00e7\u00e3o.<\/em><\/p>\n<p>O sal\u00e3o de beleza contar\u00e1 com todos os servi\u00e7os, da cabe\u00e7a aos p\u00e9s. Vamos oferecer para as nossas clientes tratamentos de cabelo, maquiagem, depila\u00e7\u00e3o, manicure e pedicura, design de sobrancelhas, maquiagem, massagens, limpeza de pele e muita experi\u00eancia, al\u00e9m disso o espa\u00e7o conta com um bar e est\u00fadio de tatuagem.<\/p>\n<p>Gerenciado por <a href=\"https:\/\/www.instagram.com\/akatianematos\/\" target=\"_blank\" rel=\"noopener\">Katiane Matos<\/a> o <a href=\"https:\/\/aueri.com.br\/\" target=\"_blank\" rel=\"noopener\">Espa\u00e7o Au\u00e9ri<\/a> vai gerar mais de 15 empregos diretos, al\u00e9m da contrata\u00e7\u00e3o de alguns fornecedores e parceiros. Nossa equipe tem passado por treinamentos e reuni\u00f5es semanais para alinharmos os objetivos da empresa. Tudo isso para que possamos come\u00e7ar esse trabalho motivados e capacitados o suficiente para atingir as expectativas desejadas e garantir a qualidade do atendimento que queremos oferecer as nossas clientes.<\/p>\n<blockquote><p>Thatyana Goldman, uma mulher fora da caixa, m\u00e3e, super ansiosa, espont\u00e2nea, apaixonada por futebol, empres\u00e1ria, formada em enfermagem e administra\u00e7\u00e3o de empresas.<\/p>\n<p>Katiane Matos, sangu\u00ednea geminiana nata, empreendedora, falante, ansiosa, m\u00e3e, esposa, apaixonada pela vida. J\u00e1 experiente no ramo da beleza, j\u00e1 atuou como esteticista, cabeleireira, consultora de cores, mas seu maior dom \u00e9 lidar com pessoas.<\/p>\n<p>Eu, <a href=\"https:\/\/www.instagram.com\/marcioniasa\/\" target=\"_blank\" rel=\"noopener\">&#8220;Marcio Niasa&#8221;<\/a>, publicit\u00e1rio por natureza, empres\u00e1rio, empreendedor, pai, adoro um bom desafio. Abra\u00e7ar uma ideia, uma novidade, est\u00e1 no sangue.<\/p><\/blockquote>\n<p>Para a segunda etapa, que ocorrera dentro de 40 ou 60 dias vamos melhorar a estrutura para o atendimento inclusivo e inaugurar o espa\u00e7o kids e espa\u00e7o pet. Queremos fazer da mulher uma rainha em nosso espa\u00e7o, que ela fique a vontade cuidando de sua beleza enquanto o seu filho est\u00e1 sendo bem cuidado e se divertindo com livros jogos educativos e games. E seu pet de maneira segura em um local apropriados e confort\u00e1vel.<\/p>\n<p>O nome &#8220;Au\u00e9ri&#8221; quer saber de onde veio?<br \/>\nBrotou na minha cabe\u00e7a rsrsr, de alguma de minhas duzentas caixinhas. Atento \u00e9 a tradu\u00e7\u00e3o da palavra Au\u00e9ri, que vem de Awary, e tem muito a ver com a nossa filosofia de trabalho, concentrado, alerta e atencioso. Cuidadosos e aplicados com os nossos compromissos, transformando assim o nosso trabalho em arte.<\/p>\n<p>Conseguiu entender? At\u00e9 eu me perco nessa minha explica\u00e7\u00e3o, rsrs.<\/p>\n<p>Nossa logo foi inspirada na Coruja, um s\u00edmbolo de intelig\u00eancia e sabedoria, os significados combinam com quem busca crescer e ver al\u00e9m, alcan\u00e7ando voos altos. Ela tem capacidade de enxergar atrav\u00e9s da escurid\u00e3o e tamb\u00e9m representa a reflex\u00e3o e o conhecimento.<\/p>\n<p>Au\u00e9ri \u00e9 assim, um aconchegante e relaxante espa\u00e7o de servi\u00e7os de beleza, happy hour e bem-estar. Um misto de requinte, conforto e positividade em um s\u00f3 ambiente no cora\u00e7\u00e3o de Ribeir\u00e3o Preto.<\/p>\n<p><a href=\"https:\/\/www.instagram.com\/espacoaueri\/\" target=\"_blank\" rel=\"noopener\">@Espa\u00e7oAu\u00e9ri<\/a><\/p>\n<p>&nbsp;<\/p>\n","protected":false},"excerpt":{"rendered":"<p>Sal\u00e3o de beleza inaugura grande estrutura e se torna refer\u00eancia em Ribeir\u00e3o Preto interior do estado. A ideia surgiu no inicio desse ano, em um dia normal como qualquer outro em um caf\u00e9, Thatyana Goldman e Katiane Matos conversavam sobre futuro e fam\u00edlia e sonharam alto sobre um sal\u00e3o de beleza completo, onde teriam toda &hellip;<\/p>\n<p class=\"read-more\"> <a class=\"\" href=\"https:\/\/marcioniasa.eu\/blog\/salao-de-beleza-aueri-inaugura-grande-estrutura-e-se-torna-referencia-em-ribeirao-preto\/\"> <span class=\"screen-reader-text\">Au\u00e9ri inaugura grande estrutura em Ribeir\u00e3o Preto<\/span> Leia mais &raquo;<\/a><\/p>\n","protected":false},"author":1,"featured_media":1090,"comment_status":"open","ping_status":"open","sticky":false,"template":"","format":"standard","meta":{"_mi_skip_tracking":false,"site-sidebar-layout":"default","site-content-layout":"default","ast-global-header-display":"","ast-main-header-display":"","ast-hfb-above-header-display":"","ast-hfb-below-header-display":"","ast-hfb-mobile-header-display":"","site-post-title":"","ast-breadcrumbs-content":"","ast-featured-img":"","footer-sml-layout":"","theme-transparent-header-meta":"default","adv-header-id-meta":"","stick-header-meta":"","header-above-stick-meta":"","header-main-stick-meta":"","header-below-stick-meta":"","footnotes":""},"categories":[3],"tags":[90,84,86,85,88,42,43,87,83,89],"class_list":["post-1089","post","type-post","status-publish","format-standard","has-post-thumbnail","hentry","category-empreendedor","tag-anya","tag-beleza","tag-empreendedor","tag-espaco-aueri","tag-katiane","tag-marcio","tag-niasa","tag-ribeirao-preto","tag-salao","tag-thatyana"],"_links":{"self":[{"href":"https:\/\/marcioniasa.eu\/blog\/wp-json\/wp\/v2\/posts\/1089","targetHints":{"allow":["GET"]}}],"collection":[{"href":"https:\/\/marcioniasa.eu\/blog\/wp-json\/wp\/v2\/posts"}],"about":[{"href":"https:\/\/marcioniasa.eu\/blog\/wp-json\/wp\/v2\/types\/post"}],"author":[{"embeddable":true,"href":"https:\/\/marcioniasa.eu\/blog\/wp-json\/wp\/v2\/users\/1"}],"replies":[{"embeddable":true,"href":"https:\/\/marcioniasa.eu\/blog\/wp-json\/wp\/v2\/comments?post=1089"}],"version-history":[{"count":11,"href":"https:\/\/marcioniasa.eu\/blog\/wp-json\/wp\/v2\/posts\/1089\/revisions"}],"predecessor-version":[{"id":1167,"href":"https:\/\/marcioniasa.eu\/blog\/wp-json\/wp\/v2\/posts\/1089\/revisions\/1167"}],"wp:featuredmedia":[{"embeddable":true,"href":"https:\/\/marcioniasa.eu\/blog\/wp-json\/wp\/v2\/media\/1090"}],"wp:attachment":[{"href":"https:\/\/marcioniasa.eu\/blog\/wp-json\/wp\/v2\/media?parent=1089"}],"wp:term":[{"taxonomy":"category","embeddable":true,"href":"https:\/\/marcioniasa.eu\/blog\/wp-json\/wp\/v2\/categories?post=1089"},{"taxonomy":"post_tag","embeddable":true,"href":"https:\/\/marcioniasa.eu\/blog\/wp-json\/wp\/v2\/tags?post=1089"}],"curies":[{"name":"wp","href":"https:\/\/api.w.org\/{rel}","templated":true}]}}